{"id":88224,"date":"2021-09-10T10:33:32","date_gmt":"2021-09-10T10:33:32","guid":{"rendered":"https:\/\/grupomultimedia.es\/web\/?p=88224"},"modified":"2021-09-10T10:33:32","modified_gmt":"2021-09-10T10:33:32","slug":"el-colegio-santo-tomas-sera-conservatorio","status":"publish","type":"post","link":"https:\/\/grupomultimedia.es\/web\/2021\/09\/10\/el-colegio-santo-tomas-sera-conservatorio\/","title":{"rendered":"El colegio \u2018Santo Tom\u00e1s\u2019 ser\u00e1 Conservatorio"},"content":{"rendered":"<p>El Grado Elemental del Conservatorio Profesional de M\u00fasica se trasladar\u00e1 al colegio p\u00fablico de Educaci\u00f3n Infantil y Primaria \u2018Santo Tom\u00e1s\u2019, en el casco antiguo, gracias a la inversi\u00f3n de 808.200 euros con la que la Junta de Andaluc\u00eda materializar\u00e1 en la capital un proyecto \u00fanico y novedoso a nivel regional. As\u00ed lo han anuncido\u00a0la delegada de Gobierno en Ja\u00e9n, Maribel Lozano, y el delegado territorial de Educaci\u00f3n, Antonio Sutil, durante la celebraci\u00f3n del concierto inaugural del nuevo curso escolar 2021-2022, en el CEIP \u2018Santo Tom\u00e1s\u2019.<\/p>\n<p>La Consejer\u00eda de Educaci\u00f3n y Deporte ha incluido en el Plan de Infraestructuras Educativas 2020-2027 la construcci\u00f3n de una nueva sede para las Ense\u00f1anzas B\u00e1sicas de M\u00fasica de Ja\u00e9n, con un presupuesto de 808.200 euros. La infraestructura se va a ubicar en una zona sin uso que se incluye en los actuales terrenos del colegio.<\/p>\n<p>La Agencia P\u00fablica de Educaci\u00f3n ya ha aprobado la obra y el presupuesto. Ahora se tiene que iniciar el proceso de licitaci\u00f3n de la redacci\u00f3n del proyecto. \u201cUna vez que el proyecto est\u00e9 revisado, se licitar\u00e1 la obra y ser\u00e1 cuando podremos hablar de fechas\u201d, apunt\u00f3 a VIVA Antonio Sutil.<\/p>\n<div id=\"addoor-widget-1116\" class=\"addoor-widget\"><\/div>\n<p>El Grado Elemental del Conservatorio Profesional de M\u00fasica coincide con la etapa de Educaci\u00f3n Primaria que comprende desde 3\u00ba a 6\u00ba curso. \u201cAlbergar\u00e1 los cuatro primeros cursos de formaci\u00f3n del Conservatorio Profesional\u201d, confirm\u00f3. Supondr\u00e1 \u201cun revulsivo tanto para el centro escolar, que ser\u00e1 m\u00e1s atractivo para las familias, como para el Conservatorio Profesional, con una demanda cada vez mayor y cuya ampliaci\u00f3n era necesaria ante la falta de espacio\u201d.<\/p>\n<p>Seg\u00fan el proyecto de ampliaci\u00f3n y reforma del CEIP Santo Tom\u00e1s para habilitar una de las edificaciones para el Grado Elemental del Conservatorio Profesional de M\u00fasica al que ha tenido acceso VIVA, el colegio cuenta con cinco edificios, entre ellos un m\u00f3dulo izquierdo. Ser\u00e1 \u00e9ste el que se destine a Conservatorio Elemental. La planta baja cuenta con un comedor, un aula individual, un aula de lenguaje musical, aseos y zona de limpieza, un pasillo para conexi\u00f3n y un porche. Las plantas primera y segunda cuentan, cada una, con cinco aulas individuales, una para instrumento principal con acompa\u00f1amiento, un aula de lenguaje musical, aseos, pasillo para conexi\u00f3n y galer\u00eda.<\/p>\n<p>\u201cEs un centro con comedor escolar que permitir\u00e1 al alumnado seguir en el centro y acceder a su formaci\u00f3n en el grado Elemental por una galer\u00eda, sin salir del colegio. Queremos que el colegio p\u00fablico Santo Tom\u00e1s sea atractivo para las familias de toda la ciudad\u201d, dijo Sutil.<\/p>\n<p>El proyecto propone la ampliaci\u00f3n del Conservatorio en la actual vivienda del conserje (hoy sin uso) con la creaci\u00f3n de dos aulas polivalentes (una de 20m\u00b2 y otra de 30m\u00b2). Tambi\u00e9n la habilitaci\u00f3n de un acceso independiente al del centro escolar, por la calle \u2018Conde\u2019, con la creaci\u00f3n de un n\u00facleo de comunicaci\u00f3n vertical que contenga escalera y ascensor y que conecte el edificio de aulario con la actual vivienda del conserje. La adecuaci\u00f3n para Conservatorio contempla la redistribuci\u00f3n de espacios de aulas en planta primera y segunda, as\u00ed como el aula polivalente de planta baja, con particiones de doble tabique y aislamiento ac\u00fastico, bandas de desolidarizaci\u00f3n en suelos y techos para un mejor comportamiento ac\u00fastico (74.880 euros).<\/p>\n<p>Tambi\u00e9n la construcci\u00f3n de un vest\u00edbulo general de distribuci\u00f3n que garanticen la evacuaci\u00f3n en caso de incendio y la accesibilidad a todo el edificio (156.480 euros). Se tienen que sustituir las carpinter\u00edas de acceso a las aulas por puertas ac\u00fasticas (10.710 euros) y realizar un estudio del soleamiento del edificio para la disposici\u00f3n de protecciones solares y sustituci\u00f3n de carpinter\u00edas exteriores (64.000 euros).Hay que construir una nueva planta de una sala de calderas, colocar una caldera independiente para el conservatorio (50.000 euros); y eliminar humedades y mejorar el acceso a la Sala de Usos M\u00faltiples (55.000 euros).<\/p>\n<p>El m\u00f3dulo central y derecho seguir\u00e1n siendo espacios de Educaci\u00f3n Infantil y Primaria, que tambi\u00e9n requerir\u00e1n una adecuaci\u00f3n.<\/p>\n<p>El Grado Medio de las Ense\u00f1anzas Profesionales de M\u00fasica se impartir\u00e1n en el edificio de la calle Compa\u00f1\u00eda. \u201cEs una estrategia que busca multiplicar sinergias entre centros educativos\u201d, termin\u00f3.<\/p>\n","protected":false},"excerpt":{"rendered":"<p>El Grado Elemental del Conservatorio Profesional de M\u00fasica se trasladar\u00e1 al colegio p\u00fablico de Educaci\u00f3n Infantil y Primaria \u2018Santo Tom\u00e1s\u2019, [&hellip;]<\/p>\n","protected":false},"author":1,"featured_media":88225,"comment_status":"open","ping_status":"open","sticky":false,"template":"","format":"standard","meta":{"footnotes":""},"categories":[200],"tags":[],"class_list":["post-88224","post","type-post","status-publish","format-standard","has-post-thumbnail","hentry","category-noticias"],"_links":{"self":[{"href":"https:\/\/grupomultimedia.es\/web\/wp-json\/wp\/v2\/posts\/88224","targetHints":{"allow":["GET"]}}],"collection":[{"href":"https:\/\/grupomultimedia.es\/web\/wp-json\/wp\/v2\/posts"}],"about":[{"href":"https:\/\/grupomultimedia.es\/web\/wp-json\/wp\/v2\/types\/post"}],"author":[{"embeddable":true,"href":"https:\/\/grupomultimedia.es\/web\/wp-json\/wp\/v2\/users\/1"}],"replies":[{"embeddable":true,"href":"https:\/\/grupomultimedia.es\/web\/wp-json\/wp\/v2\/comments?post=88224"}],"version-history":[{"count":1,"href":"https:\/\/grupomultimedia.es\/web\/wp-json\/wp\/v2\/posts\/88224\/revisions"}],"predecessor-version":[{"id":88226,"href":"https:\/\/grupomultimedia.es\/web\/wp-json\/wp\/v2\/posts\/88224\/revisions\/88226"}],"wp:featuredmedia":[{"embeddable":true,"href":"https:\/\/grupomultimedia.es\/web\/wp-json\/wp\/v2\/media\/88225"}],"wp:attachment":[{"href":"https:\/\/grupomultimedia.es\/web\/wp-json\/wp\/v2\/media?parent=88224"}],"wp:term":[{"taxonomy":"category","embeddable":true,"href":"https:\/\/grupomultimedia.es\/web\/wp-json\/wp\/v2\/categories?post=88224"},{"taxonomy":"post_tag","embeddable":true,"href":"https:\/\/grupomultimedia.es\/web\/wp-json\/wp\/v2\/tags?post=88224"}],"curies":[{"name":"wp","href":"https:\/\/api.w.org\/{rel}","templated":true}]}}