{"id":88716,"date":"2022-12-15T09:42:45","date_gmt":"2022-12-15T09:42:45","guid":{"rendered":"https:\/\/grupomultimedia.es\/web\/?p=88716"},"modified":"2022-12-15T11:33:36","modified_gmt":"2022-12-15T11:33:36","slug":"maria-jose-bayona-y-ricardo-lopez-reconocidos-por-su-trabajo-desde-la-asociacion-quesada-solidaria","status":"publish","type":"post","link":"https:\/\/grupomultimedia.es\/web\/2022\/12\/15\/maria-jose-bayona-y-ricardo-lopez-reconocidos-por-su-trabajo-desde-la-asociacion-quesada-solidaria\/","title":{"rendered":"Reconocimiento a Mar\u00eda Jos\u00e9 Bayona y Ricardo L\u00f3pez"},"content":{"rendered":"<p>La ONG &#8216;Quesada Solidaria&#8217; ha reconocido a los profesionales del <a href=\"https:\/\/www.grupomultimedia.es\/web\/\" target=\"_blank\" rel=\"noopener\">GRUPO MULTIMEDIA JIENNENSE<\/a>, M\u00aa Jos\u00e9 Bayona y Ricardo L\u00f3pez, por la labor de cobertura llevada a acabo por ambos como parte de su trabajo en\u00a0<a href=\"https:\/\/dieztv.es\/\" target=\"_blank\" rel=\"noopener\">DIEZ TV<\/a> durante la gala organizada con motivo del 20\u00ba aniversario de la ONG y que se ha celebrado en el Teatro Infanta Leonor en la capital<\/p>\n<p>En este acto han participado el presidente de la Diputaci\u00f3n Provincial, Francisco Reyes, el alcalde de Ja\u00e9n, Julio Mill\u00e1n, y el presidente de esta ONG, Basilio Due\u00f1as. El presidente de la Corporaci\u00f3n provincial ha sido reconocido como socio de honor de esta entidad junto a Julio Mill\u00e1n Medina y Santi Rodr\u00edguez.<\/p>\n<p>M\u00e1s informaci\u00f3n en <a href=\"https:\/\/extrajaen.com\/actualidad\/reyes-ensalza-la-labor-de-quesada-solidaria-en-cooperacion-internacional\">Extra Ja\u00e9n<\/a><\/p>\n<p>&nbsp;<\/p>\n","protected":false},"excerpt":{"rendered":"<p>La ONG &#8216;Quesada Solidaria&#8217; ha reconocido a los profesionales de GRUPO MULTIMEDIA JIENNENSE<\/p>\n","protected":false},"author":2,"featured_media":88717,"comment_status":"open","ping_status":"open","sticky":false,"template":"","format":"standard","meta":{"footnotes":""},"categories":[200],"tags":[],"class_list":["post-88716","post","type-post","status-publish","format-standard","has-post-thumbnail","hentry","category-noticias"],"_links":{"self":[{"href":"https:\/\/grupomultimedia.es\/web\/wp-json\/wp\/v2\/posts\/88716","targetHints":{"allow":["GET"]}}],"collection":[{"href":"https:\/\/grupomultimedia.es\/web\/wp-json\/wp\/v2\/posts"}],"about":[{"href":"https:\/\/grupomultimedia.es\/web\/wp-json\/wp\/v2\/types\/post"}],"author":[{"embeddable":true,"href":"https:\/\/grupomultimedia.es\/web\/wp-json\/wp\/v2\/users\/2"}],"replies":[{"embeddable":true,"href":"https:\/\/grupomultimedia.es\/web\/wp-json\/wp\/v2\/comments?post=88716"}],"version-history":[{"count":6,"href":"https:\/\/grupomultimedia.es\/web\/wp-json\/wp\/v2\/posts\/88716\/revisions"}],"predecessor-version":[{"id":88750,"href":"https:\/\/grupomultimedia.es\/web\/wp-json\/wp\/v2\/posts\/88716\/revisions\/88750"}],"wp:featuredmedia":[{"embeddable":true,"href":"https:\/\/grupomultimedia.es\/web\/wp-json\/wp\/v2\/media\/88717"}],"wp:attachment":[{"href":"https:\/\/grupomultimedia.es\/web\/wp-json\/wp\/v2\/media?parent=88716"}],"wp:term":[{"taxonomy":"category","embeddable":true,"href":"https:\/\/grupomultimedia.es\/web\/wp-json\/wp\/v2\/categories?post=88716"},{"taxonomy":"post_tag","embeddable":true,"href":"https:\/\/grupomultimedia.es\/web\/wp-json\/wp\/v2\/tags?post=88716"}],"curies":[{"name":"wp","href":"https:\/\/api.w.org\/{rel}","templated":true}]}}