{"id":88730,"date":"2022-12-05T10:13:11","date_gmt":"2022-12-05T10:13:11","guid":{"rendered":"https:\/\/grupomultimedia.es\/web\/?p=88730"},"modified":"2022-12-15T11:35:31","modified_gmt":"2022-12-15T11:35:31","slug":"nueva-entrega-de-extra-jaen","status":"publish","type":"post","link":"https:\/\/grupomultimedia.es\/web\/2022\/12\/05\/nueva-entrega-de-extra-jaen\/","title":{"rendered":"Nueva entrega de Extra Ja\u00e9n"},"content":{"rendered":"<p>En este nuevo n\u00famero de <strong>EXTRA JA\u00c9N<\/strong> se analizan los presupuestos de las dos principales administraciones para la provincia, el Estado y la Junta de Andaluc\u00eda.<\/p>\n<p>Junto a este an\u00e1lisis presupuestario, <strong>EXTRA JA\u00c9N<\/strong>, recuerda a las v\u00edctimas de la violencia machista a trav\u00e9s del testimonio de dos mujeres, activistas, que vivieron la represi\u00f3n del final de la dictadura y que coinciden en que aunque se ha caminado mucho en estos a\u00f1os, a\u00fan queda mucho trabajo por hacer.<\/p>\n<p><strong>Haga clic en la imagen para descargar la versi\u00f3n PDF<\/strong><\/p>\n<p><a href=\"https:\/\/drive.google.com\/file\/d\/1thYZJ9NVI9ZUxWfK8dwcPWTqn4gRGxYH\/view?usp=share_link\"><img decoding=\"async\" class=\"alignnone size-medium wp-image-88731\" src=\"https:\/\/grupomultimedia.es\/web\/wp-content\/uploads\/2022\/12\/1200_REVISTA-NOVIEMBRE-1-300x205.jpg\" alt=\"\" width=\"300\" height=\"205\" srcset=\"https:\/\/grupomultimedia.es\/web\/wp-content\/uploads\/2022\/12\/1200_REVISTA-NOVIEMBRE-1-300x205.jpg 300w, https:\/\/grupomultimedia.es\/web\/wp-content\/uploads\/2022\/12\/1200_REVISTA-NOVIEMBRE-1-1024x698.jpg 1024w, https:\/\/grupomultimedia.es\/web\/wp-content\/uploads\/2022\/12\/1200_REVISTA-NOVIEMBRE-1-768x524.jpg 768w, https:\/\/grupomultimedia.es\/web\/wp-content\/uploads\/2022\/12\/1200_REVISTA-NOVIEMBRE-1.jpg 1200w\" sizes=\"(max-width: 300px) 100vw, 300px\" \/><\/a><\/p>\n<p>M\u00e1s informaci\u00f3n <strong><a href=\"https:\/\/extrajaen.com\/revista-extra-jaen\/la-revista-extra-jaen-analiza-los-presupuestos-del-estado-y-la-junta\">EXTRA JAEN<\/a><\/strong><\/p>\n","protected":false},"excerpt":{"rendered":"<p>Nueva entrega de la revista en papel de EXTRA JA\u00c9N<\/p>\n","protected":false},"author":2,"featured_media":88731,"comment_status":"open","ping_status":"open","sticky":false,"template":"","format":"standard","meta":{"footnotes":""},"categories":[200],"tags":[],"class_list":["post-88730","post","type-post","status-publish","format-standard","has-post-thumbnail","hentry","category-noticias"],"_links":{"self":[{"href":"https:\/\/grupomultimedia.es\/web\/wp-json\/wp\/v2\/posts\/88730","targetHints":{"allow":["GET"]}}],"collection":[{"href":"https:\/\/grupomultimedia.es\/web\/wp-json\/wp\/v2\/posts"}],"about":[{"href":"https:\/\/grupomultimedia.es\/web\/wp-json\/wp\/v2\/types\/post"}],"author":[{"embeddable":true,"href":"https:\/\/grupomultimedia.es\/web\/wp-json\/wp\/v2\/users\/2"}],"replies":[{"embeddable":true,"href":"https:\/\/grupomultimedia.es\/web\/wp-json\/wp\/v2\/comments?post=88730"}],"version-history":[{"count":3,"href":"https:\/\/grupomultimedia.es\/web\/wp-json\/wp\/v2\/posts\/88730\/revisions"}],"predecessor-version":[{"id":88752,"href":"https:\/\/grupomultimedia.es\/web\/wp-json\/wp\/v2\/posts\/88730\/revisions\/88752"}],"wp:featuredmedia":[{"embeddable":true,"href":"https:\/\/grupomultimedia.es\/web\/wp-json\/wp\/v2\/media\/88731"}],"wp:attachment":[{"href":"https:\/\/grupomultimedia.es\/web\/wp-json\/wp\/v2\/media?parent=88730"}],"wp:term":[{"taxonomy":"category","embeddable":true,"href":"https:\/\/grupomultimedia.es\/web\/wp-json\/wp\/v2\/categories?post=88730"},{"taxonomy":"post_tag","embeddable":true,"href":"https:\/\/grupomultimedia.es\/web\/wp-json\/wp\/v2\/tags?post=88730"}],"curies":[{"name":"wp","href":"https:\/\/api.w.org\/{rel}","templated":true}]}}