{"id":88738,"date":"2022-09-29T10:32:15","date_gmt":"2022-09-29T10:32:15","guid":{"rendered":"https:\/\/grupomultimedia.es\/web\/?p=88738"},"modified":"2022-12-15T11:26:37","modified_gmt":"2022-12-15T11:26:37","slug":"extra-jaen-distribuye-su-revista-desde-hoy-por-toda-la-provincia","status":"publish","type":"post","link":"https:\/\/grupomultimedia.es\/web\/2022\/09\/29\/extra-jaen-distribuye-su-revista-desde-hoy-por-toda-la-provincia\/","title":{"rendered":"EXTRA JA\u00c9N distribuye su revista desde hoy por toda la provincia"},"content":{"rendered":"<p><strong>EXTRA JA\u00c9N<\/strong> completa su oferta informativa desde hoy con una revista mensual que se distribuir\u00e1 por toda la provincia. Con un cuidado formato a todo color Gesti\u00f3n de Medios Jiennenses apuesta una vez m\u00e1s por el periodismo de calidad, a trav\u00e9s de grandes reportajes, en este n\u00famero, sobre las posibilidades del Paisaje del Olivar y de la Catedral de Ja\u00e9n para ser declarados Patrimonio Mundial.<\/p>\n<p>Adem\u00e1s, la revista incluye un amplio despliegue informativo y gr\u00e1fico sobre la VI Noche Jahenciana, celebrada el pasado s\u00e1bado, una entrevista con el subdirector de la Caja Rural de Ja\u00e9n, Luis Jes\u00fas Garc\u00eda-Lomas, o todos los detalles de la Noche de los Investigadores que organiza ma\u00f1ana la Universidad de Ja\u00e9n.<\/p>\n<p>En palabras del consejero delegado de Gesti\u00f3n de Medios Jiennenses, Alejandro Mas:<br \/>\n\u201cHoy <strong>EXTRA JAEN<\/strong> se vuelve s\u00f3lido, corp\u00f3reo, para disfrutar m\u00e1s de una informaci\u00f3n rigurosa y entretenida, para reposar las reflexiones que nuestro plantel de opinadores les ofrecen, para acudir a \u00e9l cuando quiera y no estar caduco. Nuestra intenci\u00f3n es llegar a nuestros comprovincianos por todos los formatos existentes, que no haya excusa para que no nos encuentren ni para que no les atendamos. Y en cada formato, sea audiovisual o no, sea digital o no, siempre sacaremos el m\u00e1ximo partido que podamos, pues entendemos que lo que informa, si es atractivo y c\u00f3modo de usar, informa mejor\u201d.<\/p>\n<p><strong>Haga clic en la imagen si desea la revista en PDF<\/strong><\/p>\n<p><a href=\"https:\/\/img.extrajaen.com\/publicaciones\/adjunto\/REVISTA-EXTRA-SEPTIEMBRE.pdf\"><img decoding=\"async\" class=\"alignnone size-medium wp-image-88740\" src=\"https:\/\/grupomultimedia.es\/web\/wp-content\/uploads\/2022\/12\/1200_revis-300x225.png\" alt=\"\" width=\"300\" height=\"225\" srcset=\"https:\/\/grupomultimedia.es\/web\/wp-content\/uploads\/2022\/12\/1200_revis-300x225.png 300w, https:\/\/grupomultimedia.es\/web\/wp-content\/uploads\/2022\/12\/1200_revis-1024x768.png 1024w, https:\/\/grupomultimedia.es\/web\/wp-content\/uploads\/2022\/12\/1200_revis-768x576.png 768w, https:\/\/grupomultimedia.es\/web\/wp-content\/uploads\/2022\/12\/1200_revis.png 1200w\" sizes=\"(max-width: 300px) 100vw, 300px\" \/><\/a><\/p>\n","protected":false},"excerpt":{"rendered":"<p>Cada mes Gesti\u00f3n de Medios Jiennenses editar\u00e1 una revista con grandes reportajes y las grandes firmas del diario digital<\/p>\n","protected":false},"author":2,"featured_media":88740,"comment_status":"open","ping_status":"open","sticky":false,"template":"","format":"standard","meta":{"footnotes":""},"categories":[200],"tags":[],"class_list":["post-88738","post","type-post","status-publish","format-standard","has-post-thumbnail","hentry","category-noticias"],"_links":{"self":[{"href":"https:\/\/grupomultimedia.es\/web\/wp-json\/wp\/v2\/posts\/88738","targetHints":{"allow":["GET"]}}],"collection":[{"href":"https:\/\/grupomultimedia.es\/web\/wp-json\/wp\/v2\/posts"}],"about":[{"href":"https:\/\/grupomultimedia.es\/web\/wp-json\/wp\/v2\/types\/post"}],"author":[{"embeddable":true,"href":"https:\/\/grupomultimedia.es\/web\/wp-json\/wp\/v2\/users\/2"}],"replies":[{"embeddable":true,"href":"https:\/\/grupomultimedia.es\/web\/wp-json\/wp\/v2\/comments?post=88738"}],"version-history":[{"count":3,"href":"https:\/\/grupomultimedia.es\/web\/wp-json\/wp\/v2\/posts\/88738\/revisions"}],"predecessor-version":[{"id":88747,"href":"https:\/\/grupomultimedia.es\/web\/wp-json\/wp\/v2\/posts\/88738\/revisions\/88747"}],"wp:featuredmedia":[{"embeddable":true,"href":"https:\/\/grupomultimedia.es\/web\/wp-json\/wp\/v2\/media\/88740"}],"wp:attachment":[{"href":"https:\/\/grupomultimedia.es\/web\/wp-json\/wp\/v2\/media?parent=88738"}],"wp:term":[{"taxonomy":"category","embeddable":true,"href":"https:\/\/grupomultimedia.es\/web\/wp-json\/wp\/v2\/categories?post=88738"},{"taxonomy":"post_tag","embeddable":true,"href":"https:\/\/grupomultimedia.es\/web\/wp-json\/wp\/v2\/tags?post=88738"}],"curies":[{"name":"wp","href":"https:\/\/api.w.org\/{rel}","templated":true}]}}